{"id":1280,"date":"2014-06-27T09:50:20","date_gmt":"2014-06-27T08:50:20","guid":{"rendered":"http:\/\/www.phoenixfoundation.de\/?p=1280"},"modified":"2014-09-25T16:12:36","modified_gmt":"2014-09-25T15:12:36","slug":"informationen-von-unserer-dachorganisation-mitgliederversammlung-des-landesmusikrats-hat-peter-stieber-als-praesident-bestaetigt","status":"publish","type":"post","link":"https:\/\/www.phoenixfoundation.de\/?p=1280","title":{"rendered":"Neues vom Landesmusikrat RLP"},"content":{"rendered":"<p style=\"text-align: center;\"><span style=\"font-family: Times New Roman;\"><span style=\"font-size: 13pt;\"><strong>Pressemitteilung<\/strong><\/span><span style=\"font-size: 12pt;\"><br \/>\n<\/span><\/span><\/p>\n<p style=\"text-align: center;\"><span style=\"font-family: Times New Roman;\"><span style=\"font-size: 18pt;\"><strong>Mitgliederversammlung des Landesmusikrats hat Peter Stieber als Pr\u00e4sident best\u00e4tigt<\/strong><\/span><span style=\"font-size: 12pt;\"><br \/>\n<\/span><\/span><\/p>\n<p style=\"text-align: justify;\"><span style=\"font-family: Times New Roman; font-size: 12pt;\"><strong>Am Mittwoch, den 25. Juni 2014 fand die Mitgliederversammlung des Landesmusikrats Rheinland-Pfalz statt. Die Delegierten w\u00e4hlten Peter Stieber einstimmig erneut zum Pr\u00e4sidenten des Dachverbands f\u00fcr das Musikleben in Rheinland-Pfalz. Auch das Pr\u00e4sidium bleibt in seiner bisherigen Besetzung erhalten. Zuvor diskutierten die Delegierten \u00fcber das geplante Freihandelsabkommen TTIP und die Mitgliederversammlung sprach sich einstimmig f\u00fcr eine Bereichsausnahme des Kultur- und Medienbereichs aus.<\/strong><br \/>\n<\/span><\/p>\n<p style=\"text-align: justify;\"><span style=\"font-family: Times New Roman; font-size: 12pt;\">Die Mitgliederversammlung w\u00e4hlte den ehemaligen SWR2 Musikchef f\u00fcr Rheinland-Pfalz und Gesch\u00e4ftsf\u00fchrer der Schwetzinger SWR Festspiele, der seit 2005 dem Pr\u00e4sidium des Landesmusikrats angeh\u00f6rt und seit zwei Jahren als Pr\u00e4sident wirkt, f\u00fcr die n\u00e4chsten drei Jahre an die Spitze des Landesmusikrats. Stieber zeigte sich erfreut nach der Bekanntgabe des Wahlergebnisses: &#8222;Es freut mich, dass mir die Mitglieder des Landesmusikrats in solchem Ma\u00dfe erneut das Vertrauen ausgesprochen haben. Nach dem erfolgreichen Orchestergipfel im letzten Jahr werden wir weiterhin an Projekten arbeiten, die der Politik und der \u00d6ffentlichkeit die Notwendigkeit einer bl\u00fchenden MusikKultur in unserem Bundesland verdeutlicht.<br \/>\n<\/span><\/p>\n<p style=\"text-align: justify;\"><span style=\"font-family: Times New Roman; font-size: 12pt;\">Auch das bisher amtierende Pr\u00e4sidium wurde in seiner bestehenden Form von der Mitgliederversammlung best\u00e4tigt. Dem Pr\u00e4sidium geh\u00f6ren neben Pr\u00e4sident Peter Stieber f\u00fcr die Wahlperiode von drei Jahren weiterhin an:<br \/>\n<\/span><\/p>\n<ul>\n<li>\n<div style=\"text-align: justify;\"><span style=\"font-family: Times New Roman; font-size: 12pt;\">Ulrich Adomeit,\u00a0Vorstandsvorsitzender LAG Jazz Rheinland-Pfalz<br \/>\n<\/span><\/div>\n<\/li>\n<li>\n<div style=\"text-align: justify;\"><span style=\"font-family: Times New Roman; font-size: 12pt;\">Dr. Gabriele Buschmeier,\u00a0Akademie der Wissenschaften und der Literatur<br \/>\n<\/span><\/div>\n<\/li>\n<li>\n<div style=\"text-align: justify;\"><span style=\"font-family: Times New Roman; font-size: 12pt;\">Hartmut Doppler,\u00a0Pr\u00e4sident Chorverband der Pfalz<br \/>\n<\/span><\/div>\n<\/li>\n<li>\n<div style=\"text-align: justify;\"><span style=\"font-family: Times New Roman; font-size: 12pt;\">Peter Fuchs, Arbeitskreis f\u00fcr Schulmusik und allg. Musikp\u00e4dagogik<br \/>\n<\/span><\/div>\n<\/li>\n<li>\n<div style=\"text-align: justify;\"><span style=\"font-family: Times New Roman; font-size: 12pt;\">Markus Graf,\u00a0Gesch\u00e4ftsf\u00fchrer LAG Rock&amp;Pop Rheinland-Pfalz<br \/>\n<\/span><\/div>\n<\/li>\n<li>\n<div style=\"text-align: justify;\"><span style=\"font-family: Times New Roman; font-size: 12pt;\">Prof. Peter Leiner, Deutsche Radiophilharmonie Saarbr\u00fccken Kaiserslautern<br \/>\n<\/span><\/div>\n<\/li>\n<li>\n<div style=\"text-align: justify;\"><span style=\"font-family: Times New Roman; font-size: 12pt;\">Christa Sch\u00e4fer,\u00a0Mitglied des erw. Vorstands Landesverband der Musikschulen RLP<br \/>\n<\/span><\/div>\n<\/li>\n<li>\n<div style=\"text-align: justify;\"><span style=\"font-family: Times New Roman; font-size: 12pt;\">Bernhard Welsch, stellv. Pr\u00e4sident Landesmusikverband Rheinland-Pfalz<br \/>\n<\/span><\/div>\n<\/li>\n<li>\n<div style=\"text-align: justify;\"><span style=\"font-family: Times New Roman; font-size: 12pt;\">Karl Wolff,\u00a0Pr\u00e4sident Chorverband Rheinland-Pfalz<br \/>\n<\/span><\/div>\n<p style=\"text-align: justify;\">\n<\/li>\n<\/ul>\n<p style=\"text-align: justify;\"><span style=\"font-family: Times New Roman; font-size: 12pt;\">Noch vor der Wahl besch\u00e4ftigten sich die Delegierten nach einem einf\u00fchrenden Vortrag von Dr. Hans-J\u00fcrgen Blinn, Referent f\u00fcr internationale und europ\u00e4ische Angelegenheiten im Ministerium f\u00fcr Bildung, Wissenschaft, Weiterbildung und Kultur, mit dem geplanten Freihandelsabkommen zwischen der EU und den USA. Einstimmig sprachen sich die Delegierten f\u00fcr eine Bereichsausnahme des Kultur- und Medienbereichs aus und folgen damit dem gleichlautenden Beschluss des Bundesrats vom 07.06.2013 (Drucksache 463\/13).<br \/>\n<\/span><\/p>\n<p><span style=\"font-family: Times New Roman;\"><span style=\"font-size: 14pt;\"><strong>Hintergrundinformationen<\/strong><\/span><span style=\"font-size: 12pt;\"><br \/>\n<\/span><\/span><br \/>\n<span style=\"font-family: Times New Roman; font-size: 12pt;\"><strong>Landesmusikrat Rheinland-Pfalz e.V.<\/strong><br \/>\n<\/span><\/p>\n<p style=\"text-align: justify;\"><span style=\"font-family: Times New Roman; font-size: 12pt;\">Der Landesmusikrat hat zur Aufgabe, die Musik in Rheinland-Pfalz zu f\u00f6rdern. Er ist Dachverband f\u00fcr das Musikleben, f\u00fcr Laienmusizieren ebenso wie f\u00fcr professionelle Musik, f\u00fcr Ch\u00f6re und Orchester. Seine Initiativen richten sich u. a. auf die Ausbildung von Musikberufen, auf die Musikerziehung in Kindergarten, Schule und au\u00dferhalb der Schule. Er vertritt die Musikwissenschaft wie auch die Musikwirtschaft und engagiert sich bei der Suche nach konstruktiven L\u00f6sungen in bildungs- und kulturpolitischen Fragen. Durch landesweite Wettbewerbe f\u00f6rdert er begabte Jugendliche und die Qualit\u00e4t des Musizierens der Laienorchester und -ch\u00f6re. Seit dem 1. Januar 2013 ist der Landesmusikrat Tr\u00e4ger aller f\u00fcnf LandesJugendEnsembles sowie der Landeswettbewerbe &#8222;Jugend musiziert&#8220; und &#8222;Jugend jazzt&#8220;. Ferner verteilt er seit 2005 die Zweckertr\u00e4ge aus der Gl\u00fccksSpirale von Lotto Rheinland-Pfalz an seine Mitgliedsverb\u00e4nde \u00fcber einen festgelegten Verteilungsschl\u00fcssel.<br \/>\n<\/span><\/p>\n<p style=\"text-align: justify;\"><span style=\"font-family: Times New Roman; font-size: 12pt;\"><strong>Peter Stieber<\/strong><br \/>\n<\/span><\/p>\n<p><span style=\"font-family: Times New Roman; font-size: 12pt;\">Peter Stieber studierte Musikwissenschaft in Berlin und war bis 1982 als freier Journalist t\u00e4tig. Seit 1982 arbeitete er als Rundfunk-Redakteur, war ab dem Jahr 1991 Abteilungsleiter f\u00fcr E-Musik im S\u00fcddeutschen Rundfunk in Stuttgart. Peter Stieber arbeitete 15 Jahre als SWR2 Musikchef f\u00fcr Rheinland-Pfalz und hat 13 Jahre als Gesch\u00e4ftsf\u00fchrer der Schwetzinger SWR Festspiele gewirkt, deren k\u00fcnstlerischer Leiter des Konzertbereichs er 16 Jahre lang war. Konzertreihen wie &#8222;SWR2 Internationale Pianisten in Mainz&#8220;, der &#8222;Mainzer Musiksommer&#8220;, &#8222;Konzerte in Schlo\u00df Waldthausen&#8220; und viele Kooperationskonzerte im Land wurden von ihm initiiert. Insbesondere der musikalische Nachwuchs erfreut sich gro\u00dfer F\u00f6rderung durch ihn. Stieber ist seit 2005 Mitglied des Pr\u00e4sidiums des Landesmusikrats Rheinland-Pfalz, fungierte 2009 bis 2012 als Vizepr\u00e4sident und wurde 2012 erstmals zu dessen Pr\u00e4sidenten gew\u00e4hlt. Seit Oktober 2013 hat er dar\u00fcber hinaus einen Sitz im Pr\u00e4sidium des Deutschen Musikrats.<\/span><\/p>\n<p><img decoding=\"async\" src=\"https:\/\/www.phoenixfoundation.de\/wp-content\/files\/062714_0850_Information1.png\" alt=\"\" \/><\/p>\n<p>&nbsp;<\/p>\n","protected":false},"excerpt":{"rendered":"<p>Pressemitteilung Mitgliederversammlung des Landesmusikrats hat Peter Stieber als Pr\u00e4sident best\u00e4tigt Am Mittwoch, den 25. Juni 2014 fand die Mitgliederversammlung des Landesmusikrats Rheinland-Pfalz statt. Die Delegierten w\u00e4hlten Peter Stieber einstimmig erneut zum Pr\u00e4sidenten des Dachverbands f\u00fcr das Musikleben in Rheinland-Pfalz. Auch das Pr\u00e4sidium bleibt in seiner bisherigen Besetzung erhalten. Zuvor diskutierten die Delegierten \u00fcber das geplante [&hellip;]<\/p>\n","protected":false},"author":2,"featured_media":0,"comment_status":"closed","ping_status":"closed","sticky":false,"template":"","format":"standard","meta":{"ocean_post_layout":"","ocean_both_sidebars_style":"","ocean_both_sidebars_content_width":0,"ocean_both_sidebars_sidebars_width":0,"ocean_sidebar":"","ocean_second_sidebar":"","ocean_disable_margins":"enable","ocean_add_body_class":"","ocean_shortcode_before_top_bar":"","ocean_shortcode_after_top_bar":"","ocean_shortcode_before_header":"","ocean_shortcode_after_header":"","ocean_has_shortcode":"","ocean_shortcode_after_title":"","ocean_shortcode_before_footer_widgets":"","ocean_shortcode_after_footer_widgets":"","ocean_shortcode_before_footer_bottom":"","ocean_shortcode_after_footer_bottom":"","ocean_display_top_bar":"default","ocean_display_header":"default","ocean_header_style":"","ocean_center_header_left_menu":"","ocean_custom_header_template":"","ocean_custom_logo":0,"ocean_custom_retina_logo":0,"ocean_custom_logo_max_width":0,"ocean_custom_logo_tablet_max_width":0,"ocean_custom_logo_mobile_max_width":0,"ocean_custom_logo_max_height":0,"ocean_custom_logo_tablet_max_height":0,"ocean_custom_logo_mobile_max_height":0,"ocean_header_custom_menu":"","ocean_menu_typo_font_family":"","ocean_menu_typo_font_subset":"","ocean_menu_typo_font_size":0,"ocean_menu_typo_font_size_tablet":0,"ocean_menu_typo_font_size_mobile":0,"ocean_menu_typo_font_size_unit":"px","ocean_menu_typo_font_weight":"","ocean_menu_typo_font_weight_tablet":"","ocean_menu_typo_font_weight_mobile":"","ocean_menu_typo_transform":"","ocean_menu_typo_transform_tablet":"","ocean_menu_typo_transform_mobile":"","ocean_menu_typo_line_height":0,"ocean_menu_typo_line_height_tablet":0,"ocean_menu_typo_line_height_mobile":0,"ocean_menu_typo_line_height_unit":"","ocean_menu_typo_spacing":0,"ocean_menu_typo_spacing_tablet":0,"ocean_menu_typo_spacing_mobile":0,"ocean_menu_typo_spacing_unit":"","ocean_menu_link_color":"","ocean_menu_link_color_hover":"","ocean_menu_link_color_active":"","ocean_menu_link_background":"","ocean_menu_link_hover_background":"","ocean_menu_link_active_background":"","ocean_menu_social_links_bg":"","ocean_menu_social_hover_links_bg":"","ocean_menu_social_links_color":"","ocean_menu_social_hover_links_color":"","ocean_disable_title":"default","ocean_disable_heading":"default","ocean_post_title":"","ocean_post_subheading":"","ocean_post_title_style":"","ocean_post_title_background_color":"","ocean_post_title_background":0,"ocean_post_title_bg_image_position":"","ocean_post_title_bg_image_attachment":"","ocean_post_title_bg_image_repeat":"","ocean_post_title_bg_image_size":"","ocean_post_title_height":0,"ocean_post_title_bg_overlay":0.5,"ocean_post_title_bg_overlay_color":"","ocean_disable_breadcrumbs":"default","ocean_breadcrumbs_color":"","ocean_breadcrumbs_separator_color":"","ocean_breadcrumbs_links_color":"","ocean_breadcrumbs_links_hover_color":"","ocean_display_footer_widgets":"default","ocean_display_footer_bottom":"default","ocean_custom_footer_template":"","ocean_post_oembed":"","ocean_post_self_hosted_media":"","ocean_post_video_embed":"","ocean_link_format":"","ocean_link_format_target":"self","ocean_quote_format":"","ocean_quote_format_link":"post","ocean_gallery_link_images":"on","ocean_gallery_id":[],"footnotes":""},"categories":[159,1],"tags":[121],"class_list":["post-1280","post","type-post","status-publish","format-standard","hentry","category-159","category-news","tag-landesmusikrat","entry"],"_links":{"self":[{"href":"https:\/\/www.phoenixfoundation.de\/index.php?rest_route=\/wp\/v2\/posts\/1280","targetHints":{"allow":["GET"]}}],"collection":[{"href":"https:\/\/www.phoenixfoundation.de\/index.php?rest_route=\/wp\/v2\/posts"}],"about":[{"href":"https:\/\/www.phoenixfoundation.de\/index.php?rest_route=\/wp\/v2\/types\/post"}],"author":[{"embeddable":true,"href":"https:\/\/www.phoenixfoundation.de\/index.php?rest_route=\/wp\/v2\/users\/2"}],"replies":[{"embeddable":true,"href":"https:\/\/www.phoenixfoundation.de\/index.php?rest_route=%2Fwp%2Fv2%2Fcomments&post=1280"}],"version-history":[{"count":3,"href":"https:\/\/www.phoenixfoundation.de\/index.php?rest_route=\/wp\/v2\/posts\/1280\/revisions"}],"predecessor-version":[{"id":1355,"href":"https:\/\/www.phoenixfoundation.de\/index.php?rest_route=\/wp\/v2\/posts\/1280\/revisions\/1355"}],"wp:attachment":[{"href":"https:\/\/www.phoenixfoundation.de\/index.php?rest_route=%2Fwp%2Fv2%2Fmedia&parent=1280"}],"wp:term":[{"taxonomy":"category","embeddable":true,"href":"https:\/\/www.phoenixfoundation.de\/index.php?rest_route=%2Fwp%2Fv2%2Fcategories&post=1280"},{"taxonomy":"post_tag","embeddable":true,"href":"https:\/\/www.phoenixfoundation.de\/index.php?rest_route=%2Fwp%2Fv2%2Ftags&post=1280"}],"curies":[{"name":"wp","href":"https:\/\/api.w.org\/{rel}","templated":true}]}}